{"id":14,"date":"2021-10-18T13:05:39","date_gmt":"2021-10-18T16:05:39","guid":{"rendered":"https:\/\/essentiel.cl\/blog\/?p=14"},"modified":"2023-05-13T13:07:01","modified_gmt":"2023-05-13T17:07:01","slug":"la-primavera-esta-aqui-te-entregamos-4-tips-para-cuidar-tu-piel-durante-esta-temporada","status":"publish","type":"post","link":"https:\/\/essentiel.cl\/blog\/la-primavera-esta-aqui-te-entregamos-4-tips-para-cuidar-tu-piel-durante-esta-temporada","title":{"rendered":"\u00a1La primavera est\u00e1 aqu\u00ed! Te entregamos 4 tips para cuidar tu piel durante esta temporada"},"content":{"rendered":"\n<p class=\"has-tertiary-background-color has-background\">La fecha favorita de muchos, pero que a la vez, nos expone m\u00e1s al sol, al\u00e9rgenos y cambios bruscos de temperatura. Queremos acompa\u00f1arte en cada etapa del a\u00f1o y ayudarte a proteger tu piel de efectos externos para que la luzcas todos los d\u00edas del a\u00f1o sana y reluciente, te contamos ac\u00e1, como hacerlo durante esta temporada.<\/p>\n\n\n\n<p>Todas las llegadas de nuevas estaciones indican cambios en nuestra rutina diaria para ayudar a nuestra piel en su hidrataci\u00f3n y cuidado, sin que esta sufra da\u00f1os por los cambios de temperatura. La primavera tiende a ser una \u00e9poca inestable, lo que produce cambios bruscos en el clima Adem\u00e1s, los d\u00edas comienzan a ser m\u00e1s largos, lo que nos invita a disfrutar del aire libre, exponi\u00e9ndonos m\u00e1s al sol que en las temporadas fr\u00edas.<\/p>\n\n\n\n<p>Tras los meses de fr\u00edo, nuestra piel se reseca y es momento de aprovechar, adem\u00e1s, de prepararla para el verano. Pero \u00bfC\u00f3mo hacer todo esto? Ac\u00e1 te contamos:<\/p>\n\n\n\n<p><strong>1.\u00a0\u00a0\u00a0\u00a0\u00a0Limpia e hidrata tu piel diariamente:<\/strong> en esta \u00e9poca debemos ponerle especial atenci\u00f3n a la limpieza facial, tanto de noche como de d\u00eda. El aumento de la humedad en el ambiente abre nuestros poros por los que estos reciben m\u00e1s suciedad del ambiente, por lo mismo, hay que preocuparse de limpiarlos. Complementarlo con una crema hidratante que nos ayude a mantener humectada la piel. Esta adem\u00e1s es un periodo ideal para a\u00f1adir a nuestra rutina un s\u00e9rum reparados con el que proteger la epidermis de las agresiones externas a las que nos enfrentamos.<\/p>\n\n\n\n<p><strong>2.\u00a0\u00a0\u00a0\u00a0\u00a0Exfolaci\u00f3n:<\/strong> es importante remover todas esas c\u00e9lulas muertas que acumulamos durante el invierno adem\u00e1s de que este proceso, ayuda a preparar la piel ante la exposici\u00f3n al sol. Realiza una exfoliaci\u00f3n al menos una vez por semana para remover impurezas, renovar la epidermis e hidratar.<\/p>\n\n\n\n<p><strong>3.\u00a0\u00a0\u00a0\u00a0\u00a0Contorno de ojos, cuello:<\/strong> ambas son zonas delicadas, en especial el contorno de ojos, donde la piel es m\u00e1s fina y fr\u00e1gil, siendo la que antes envejece. Son muy importantes los cuidados espec\u00edficos en esta zona. El cuello, por otro lado, as\u00ed como el escote, son zonas que mantenemos tapadas durante el invierno y que ahora comenzamos a destapar, por lo mismo es necesario aumentar la hidrataci\u00f3n de esas zonas para protegerlas de los agentes externos.<\/p>\n\n\n\n<p><strong>4.\u00a0\u00a0\u00a0\u00a0\u00a0Factor solar:<\/strong> debe ser necesario durante todas las \u00e9pocas del a\u00f1o. Pero ahora debemos ponerle especial atenci\u00f3n y aumentar la replicaci\u00f3n de \u00e9ste las veces que sea necesario. Al estar m\u00e1s expuestos a los rayos UV, es necesario una mayor protecci\u00f3n.<\/p>\n\n\n\n<p>Recuerda que en Essentiel puedes encontrar los productos necesarios para una rutina completa que har\u00e1 lucir a tu piel sana, humectada y tersa los 365 d\u00edas del a\u00f1o. \u00a1Anda por tus favoritos y comienza tus cuidados hoy!<\/p>\n","protected":false},"excerpt":{"rendered":"<p>La fecha favorita de muchos, pero que a la vez, nos expone m\u00e1s al sol, al\u00e9rgenos y cambios bruscos de temperatura. Queremos acompa\u00f1arte en cada etapa del a\u00f1o y ayudarte [&hellip;]<\/p>\n","protected":false},"author":2,"featured_media":15,"comment_status":"open","ping_status":"open","sticky":false,"template":"","format":"standard","meta":{"footnotes":"","_rishi_post_view_count":22040},"categories":[16,11],"tags":[22,21,23,19,12,13,17,24,20],"class_list":["post-14","post","type-post","status-publish","format-standard","has-post-thumbnail","hentry","category-cuidado-de-la-piel","category-tips","tag-contorno-de-ojos","tag-exfoliacion","tag-factor-solar","tag-frio","tag-hidratacion","tag-piel","tag-primavera","tag-proteccion-solar","tag-sol","rishi-post"],"rishi__cb_customizer_meta":"","comments_count":"0","yoast_head":"<!-- This site is optimized with the Yoast SEO plugin v20.13 - https:\/\/yoast.com\/wordpress\/plugins\/seo\/ -->\n<title>\u00a1La primavera est\u00e1 aqu\u00ed! Te entregamos 4 tips para cuidar tu piel durante esta temporada - Essentiel Blog<\/title>\n<meta name=\"robots\" content=\"index, follow, max-snippet:-1, max-image-preview:large, max-video-preview:-1\" \/>\n<link rel=\"canonical\" href=\"https:\/\/essentiel.cl\/blog\/la-primavera-esta-aqui-te-entregamos-4-tips-para-cuidar-tu-piel-durante-esta-temporada\" \/>\n<meta property=\"og:locale\" content=\"es_ES\" \/>\n<meta property=\"og:type\" content=\"article\" \/>\n<meta property=\"og:title\" content=\"\u00a1La primavera est\u00e1 aqu\u00ed! Te entregamos 4 tips para cuidar tu piel durante esta temporada - Essentiel Blog\" \/>\n<meta property=\"og:description\" content=\"La fecha favorita de muchos, pero que a la vez, nos expone m\u00e1s al sol, al\u00e9rgenos y cambios bruscos de temperatura. Queremos acompa\u00f1arte en cada etapa del a\u00f1o y ayudarte [&hellip;]\" \/>\n<meta property=\"og:url\" content=\"https:\/\/essentiel.cl\/blog\/la-primavera-esta-aqui-te-entregamos-4-tips-para-cuidar-tu-piel-durante-esta-temporada\" \/>\n<meta property=\"og:site_name\" content=\"Essentiel Blog\" \/>\n<meta property=\"article:publisher\" content=\"https:\/\/www.facebook.com\/tiendaessentiel\" \/>\n<meta property=\"article:published_time\" content=\"2021-10-18T16:05:39+00:00\" \/>\n<meta property=\"article:modified_time\" content=\"2023-05-13T17:07:01+00:00\" \/>\n<meta property=\"og:image\" content=\"https:\/\/essentiel.cl\/blog\/wp-content\/uploads\/2023\/05\/primavera.jpeg\" \/>\n\t<meta property=\"og:image:width\" content=\"1042\" \/>\n\t<meta property=\"og:image:height\" content=\"350\" \/>\n\t<meta property=\"og:image:type\" content=\"image\/jpeg\" \/>\n<meta name=\"author\" content=\"Sebasti\u00e1n Gonz\u00e1lez\" \/>\n<meta name=\"twitter:card\" content=\"summary_large_image\" \/>\n<meta name=\"twitter:label1\" content=\"Escrito por\" \/>\n\t<meta name=\"twitter:data1\" content=\"Sebasti\u00e1n Gonz\u00e1lez\" \/>\n\t<meta name=\"twitter:label2\" content=\"Tiempo de lectura\" \/>\n\t<meta name=\"twitter:data2\" content=\"3 minutos\" \/>\n<script type=\"application\/ld+json\" class=\"yoast-schema-graph\">{\"@context\":\"https:\/\/schema.org\",\"@graph\":[{\"@type\":\"Article\",\"@id\":\"https:\/\/essentiel.cl\/blog\/la-primavera-esta-aqui-te-entregamos-4-tips-para-cuidar-tu-piel-durante-esta-temporada#article\",\"isPartOf\":{\"@id\":\"https:\/\/essentiel.cl\/blog\/la-primavera-esta-aqui-te-entregamos-4-tips-para-cuidar-tu-piel-durante-esta-temporada\"},\"author\":{\"name\":\"Sebasti\u00e1n Gonz\u00e1lez\",\"@id\":\"https:\/\/essentiel.cl\/blog\/#\/schema\/person\/0e99a7174e23572013f389ae5b7d6c20\"},\"headline\":\"\u00a1La primavera est\u00e1 aqu\u00ed! Te entregamos 4 tips para cuidar tu piel durante esta temporada\",\"datePublished\":\"2021-10-18T16:05:39+00:00\",\"dateModified\":\"2023-05-13T17:07:01+00:00\",\"mainEntityOfPage\":{\"@id\":\"https:\/\/essentiel.cl\/blog\/la-primavera-esta-aqui-te-entregamos-4-tips-para-cuidar-tu-piel-durante-esta-temporada\"},\"wordCount\":503,\"commentCount\":0,\"publisher\":{\"@id\":\"https:\/\/essentiel.cl\/blog\/#organization\"},\"keywords\":[\"contorno de ojos\",\"exfoliaci\u00f3n\",\"factor solar\",\"fr\u00edo\",\"hidrataci\u00f3n\",\"piel\",\"primavera\",\"protecci\u00f3n solar\",\"sol\"],\"articleSection\":[\"Cuidado de la Piel\",\"Tips\"],\"inLanguage\":\"es\",\"potentialAction\":[{\"@type\":\"CommentAction\",\"name\":\"Comment\",\"target\":[\"https:\/\/essentiel.cl\/blog\/la-primavera-esta-aqui-te-entregamos-4-tips-para-cuidar-tu-piel-durante-esta-temporada#respond\"]}]},{\"@type\":\"WebPage\",\"@id\":\"https:\/\/essentiel.cl\/blog\/la-primavera-esta-aqui-te-entregamos-4-tips-para-cuidar-tu-piel-durante-esta-temporada\",\"url\":\"https:\/\/essentiel.cl\/blog\/la-primavera-esta-aqui-te-entregamos-4-tips-para-cuidar-tu-piel-durante-esta-temporada\",\"name\":\"\u00a1La primavera est\u00e1 aqu\u00ed! Te entregamos 4 tips para cuidar tu piel durante esta temporada - Essentiel Blog\",\"isPartOf\":{\"@id\":\"https:\/\/essentiel.cl\/blog\/#website\"},\"datePublished\":\"2021-10-18T16:05:39+00:00\",\"dateModified\":\"2023-05-13T17:07:01+00:00\",\"breadcrumb\":{\"@id\":\"https:\/\/essentiel.cl\/blog\/la-primavera-esta-aqui-te-entregamos-4-tips-para-cuidar-tu-piel-durante-esta-temporada#breadcrumb\"},\"inLanguage\":\"es\",\"potentialAction\":[{\"@type\":\"ReadAction\",\"target\":[\"https:\/\/essentiel.cl\/blog\/la-primavera-esta-aqui-te-entregamos-4-tips-para-cuidar-tu-piel-durante-esta-temporada\"]}]},{\"@type\":\"BreadcrumbList\",\"@id\":\"https:\/\/essentiel.cl\/blog\/la-primavera-esta-aqui-te-entregamos-4-tips-para-cuidar-tu-piel-durante-esta-temporada#breadcrumb\",\"itemListElement\":[{\"@type\":\"ListItem\",\"position\":1,\"name\":\"Portada\",\"item\":\"https:\/\/essentiel.cl\/blog\"},{\"@type\":\"ListItem\",\"position\":2,\"name\":\"\u00a1La primavera est\u00e1 aqu\u00ed! Te entregamos 4 tips para cuidar tu piel durante esta temporada\"}]},{\"@type\":\"WebSite\",\"@id\":\"https:\/\/essentiel.cl\/blog\/#website\",\"url\":\"https:\/\/essentiel.cl\/blog\/\",\"name\":\"Essentiel Blog\",\"description\":\"Inf\u00f3rmate sobre las nuevas tendencias de Dermocosm\u00e9tica 2.0\",\"publisher\":{\"@id\":\"https:\/\/essentiel.cl\/blog\/#organization\"},\"potentialAction\":[{\"@type\":\"SearchAction\",\"target\":{\"@type\":\"EntryPoint\",\"urlTemplate\":\"https:\/\/essentiel.cl\/blog\/?s={search_term_string}\"},\"query-input\":\"required name=search_term_string\"}],\"inLanguage\":\"es\"},{\"@type\":\"Organization\",\"@id\":\"https:\/\/essentiel.cl\/blog\/#organization\",\"name\":\"Essentiel Blog\",\"url\":\"https:\/\/essentiel.cl\/blog\/\",\"logo\":{\"@type\":\"ImageObject\",\"inLanguage\":\"es\",\"@id\":\"https:\/\/essentiel.cl\/blog\/#\/schema\/logo\/image\/\",\"url\":\"https:\/\/essentiel.cl\/blog\/wp-content\/uploads\/2023\/05\/essentiel.png\",\"contentUrl\":\"https:\/\/essentiel.cl\/blog\/wp-content\/uploads\/2023\/05\/essentiel.png\",\"width\":299,\"height\":90,\"caption\":\"Essentiel Blog\"},\"image\":{\"@id\":\"https:\/\/essentiel.cl\/blog\/#\/schema\/logo\/image\/\"},\"sameAs\":[\"https:\/\/www.facebook.com\/tiendaessentiel\",\"https:\/\/www.instagram.com\/tiendaessentiel\/\"]},{\"@type\":\"Person\",\"@id\":\"https:\/\/essentiel.cl\/blog\/#\/schema\/person\/0e99a7174e23572013f389ae5b7d6c20\",\"name\":\"Sebasti\u00e1n Gonz\u00e1lez\",\"image\":{\"@type\":\"ImageObject\",\"inLanguage\":\"es\",\"@id\":\"https:\/\/essentiel.cl\/blog\/#\/schema\/person\/image\/\",\"url\":\"https:\/\/secure.gravatar.com\/avatar\/31e39f1f2107ec498772e71601371f660318e607268e57e465135dc429b02372?s=96&r=g\",\"contentUrl\":\"https:\/\/secure.gravatar.com\/avatar\/31e39f1f2107ec498772e71601371f660318e607268e57e465135dc429b02372?s=96&r=g\",\"caption\":\"Sebasti\u00e1n Gonz\u00e1lez\"},\"sameAs\":[\"https:\/\/essentiel.cl\"],\"url\":\"https:\/\/essentiel.cl\/blog\/author\/sebastian\"}]}<\/script>\n<!-- \/ Yoast SEO plugin. -->","yoast_head_json":{"title":"\u00a1La primavera est\u00e1 aqu\u00ed! Te entregamos 4 tips para cuidar tu piel durante esta temporada - Essentiel Blog","robots":{"index":"index","follow":"follow","max-snippet":"max-snippet:-1","max-image-preview":"max-image-preview:large","max-video-preview":"max-video-preview:-1"},"canonical":"https:\/\/essentiel.cl\/blog\/la-primavera-esta-aqui-te-entregamos-4-tips-para-cuidar-tu-piel-durante-esta-temporada","og_locale":"es_ES","og_type":"article","og_title":"\u00a1La primavera est\u00e1 aqu\u00ed! Te entregamos 4 tips para cuidar tu piel durante esta temporada - Essentiel Blog","og_description":"La fecha favorita de muchos, pero que a la vez, nos expone m\u00e1s al sol, al\u00e9rgenos y cambios bruscos de temperatura. Queremos acompa\u00f1arte en cada etapa del a\u00f1o y ayudarte [&hellip;]","og_url":"https:\/\/essentiel.cl\/blog\/la-primavera-esta-aqui-te-entregamos-4-tips-para-cuidar-tu-piel-durante-esta-temporada","og_site_name":"Essentiel Blog","article_publisher":"https:\/\/www.facebook.com\/tiendaessentiel","article_published_time":"2021-10-18T16:05:39+00:00","article_modified_time":"2023-05-13T17:07:01+00:00","og_image":[{"width":1042,"height":350,"url":"https:\/\/essentiel.cl\/blog\/wp-content\/uploads\/2023\/05\/primavera.jpeg","type":"image\/jpeg"}],"author":"Sebasti\u00e1n Gonz\u00e1lez","twitter_card":"summary_large_image","twitter_misc":{"Escrito por":"Sebasti\u00e1n Gonz\u00e1lez","Tiempo de lectura":"3 minutos"},"schema":{"@context":"https:\/\/schema.org","@graph":[{"@type":"Article","@id":"https:\/\/essentiel.cl\/blog\/la-primavera-esta-aqui-te-entregamos-4-tips-para-cuidar-tu-piel-durante-esta-temporada#article","isPartOf":{"@id":"https:\/\/essentiel.cl\/blog\/la-primavera-esta-aqui-te-entregamos-4-tips-para-cuidar-tu-piel-durante-esta-temporada"},"author":{"name":"Sebasti\u00e1n Gonz\u00e1lez","@id":"https:\/\/essentiel.cl\/blog\/#\/schema\/person\/0e99a7174e23572013f389ae5b7d6c20"},"headline":"\u00a1La primavera est\u00e1 aqu\u00ed! Te entregamos 4 tips para cuidar tu piel durante esta temporada","datePublished":"2021-10-18T16:05:39+00:00","dateModified":"2023-05-13T17:07:01+00:00","mainEntityOfPage":{"@id":"https:\/\/essentiel.cl\/blog\/la-primavera-esta-aqui-te-entregamos-4-tips-para-cuidar-tu-piel-durante-esta-temporada"},"wordCount":503,"commentCount":0,"publisher":{"@id":"https:\/\/essentiel.cl\/blog\/#organization"},"keywords":["contorno de ojos","exfoliaci\u00f3n","factor solar","fr\u00edo","hidrataci\u00f3n","piel","primavera","protecci\u00f3n solar","sol"],"articleSection":["Cuidado de la Piel","Tips"],"inLanguage":"es","potentialAction":[{"@type":"CommentAction","name":"Comment","target":["https:\/\/essentiel.cl\/blog\/la-primavera-esta-aqui-te-entregamos-4-tips-para-cuidar-tu-piel-durante-esta-temporada#respond"]}]},{"@type":"WebPage","@id":"https:\/\/essentiel.cl\/blog\/la-primavera-esta-aqui-te-entregamos-4-tips-para-cuidar-tu-piel-durante-esta-temporada","url":"https:\/\/essentiel.cl\/blog\/la-primavera-esta-aqui-te-entregamos-4-tips-para-cuidar-tu-piel-durante-esta-temporada","name":"\u00a1La primavera est\u00e1 aqu\u00ed! Te entregamos 4 tips para cuidar tu piel durante esta temporada - Essentiel Blog","isPartOf":{"@id":"https:\/\/essentiel.cl\/blog\/#website"},"datePublished":"2021-10-18T16:05:39+00:00","dateModified":"2023-05-13T17:07:01+00:00","breadcrumb":{"@id":"https:\/\/essentiel.cl\/blog\/la-primavera-esta-aqui-te-entregamos-4-tips-para-cuidar-tu-piel-durante-esta-temporada#breadcrumb"},"inLanguage":"es","potentialAction":[{"@type":"ReadAction","target":["https:\/\/essentiel.cl\/blog\/la-primavera-esta-aqui-te-entregamos-4-tips-para-cuidar-tu-piel-durante-esta-temporada"]}]},{"@type":"BreadcrumbList","@id":"https:\/\/essentiel.cl\/blog\/la-primavera-esta-aqui-te-entregamos-4-tips-para-cuidar-tu-piel-durante-esta-temporada#breadcrumb","itemListElement":[{"@type":"ListItem","position":1,"name":"Portada","item":"https:\/\/essentiel.cl\/blog"},{"@type":"ListItem","position":2,"name":"\u00a1La primavera est\u00e1 aqu\u00ed! Te entregamos 4 tips para cuidar tu piel durante esta temporada"}]},{"@type":"WebSite","@id":"https:\/\/essentiel.cl\/blog\/#website","url":"https:\/\/essentiel.cl\/blog\/","name":"Essentiel Blog","description":"Inf\u00f3rmate sobre las nuevas tendencias de Dermocosm\u00e9tica 2.0","publisher":{"@id":"https:\/\/essentiel.cl\/blog\/#organization"},"potentialAction":[{"@type":"SearchAction","target":{"@type":"EntryPoint","urlTemplate":"https:\/\/essentiel.cl\/blog\/?s={search_term_string}"},"query-input":"required name=search_term_string"}],"inLanguage":"es"},{"@type":"Organization","@id":"https:\/\/essentiel.cl\/blog\/#organization","name":"Essentiel Blog","url":"https:\/\/essentiel.cl\/blog\/","logo":{"@type":"ImageObject","inLanguage":"es","@id":"https:\/\/essentiel.cl\/blog\/#\/schema\/logo\/image\/","url":"https:\/\/essentiel.cl\/blog\/wp-content\/uploads\/2023\/05\/essentiel.png","contentUrl":"https:\/\/essentiel.cl\/blog\/wp-content\/uploads\/2023\/05\/essentiel.png","width":299,"height":90,"caption":"Essentiel Blog"},"image":{"@id":"https:\/\/essentiel.cl\/blog\/#\/schema\/logo\/image\/"},"sameAs":["https:\/\/www.facebook.com\/tiendaessentiel","https:\/\/www.instagram.com\/tiendaessentiel\/"]},{"@type":"Person","@id":"https:\/\/essentiel.cl\/blog\/#\/schema\/person\/0e99a7174e23572013f389ae5b7d6c20","name":"Sebasti\u00e1n Gonz\u00e1lez","image":{"@type":"ImageObject","inLanguage":"es","@id":"https:\/\/essentiel.cl\/blog\/#\/schema\/person\/image\/","url":"https:\/\/secure.gravatar.com\/avatar\/31e39f1f2107ec498772e71601371f660318e607268e57e465135dc429b02372?s=96&r=g","contentUrl":"https:\/\/secure.gravatar.com\/avatar\/31e39f1f2107ec498772e71601371f660318e607268e57e465135dc429b02372?s=96&r=g","caption":"Sebasti\u00e1n Gonz\u00e1lez"},"sameAs":["https:\/\/essentiel.cl"],"url":"https:\/\/essentiel.cl\/blog\/author\/sebastian"}]}},"_links":{"self":[{"href":"https:\/\/essentiel.cl\/blog\/wp-json\/wp\/v2\/posts\/14","targetHints":{"allow":["GET"]}}],"collection":[{"href":"https:\/\/essentiel.cl\/blog\/wp-json\/wp\/v2\/posts"}],"about":[{"href":"https:\/\/essentiel.cl\/blog\/wp-json\/wp\/v2\/types\/post"}],"author":[{"embeddable":true,"href":"https:\/\/essentiel.cl\/blog\/wp-json\/wp\/v2\/users\/2"}],"replies":[{"embeddable":true,"href":"https:\/\/essentiel.cl\/blog\/wp-json\/wp\/v2\/comments?post=14"}],"version-history":[{"count":1,"href":"https:\/\/essentiel.cl\/blog\/wp-json\/wp\/v2\/posts\/14\/revisions"}],"predecessor-version":[{"id":16,"href":"https:\/\/essentiel.cl\/blog\/wp-json\/wp\/v2\/posts\/14\/revisions\/16"}],"wp:featuredmedia":[{"embeddable":true,"href":"https:\/\/essentiel.cl\/blog\/wp-json\/wp\/v2\/media\/15"}],"wp:attachment":[{"href":"https:\/\/essentiel.cl\/blog\/wp-json\/wp\/v2\/media?parent=14"}],"wp:term":[{"taxonomy":"category","embeddable":true,"href":"https:\/\/essentiel.cl\/blog\/wp-json\/wp\/v2\/categories?post=14"},{"taxonomy":"post_tag","embeddable":true,"href":"https:\/\/essentiel.cl\/blog\/wp-json\/wp\/v2\/tags?post=14"}],"curies":[{"name":"wp","href":"https:\/\/api.w.org\/{rel}","templated":true}]}}